{"id":1276,"date":"2026-03-11T12:37:26","date_gmt":"2026-03-11T12:37:26","guid":{"rendered":"https:\/\/www.xn--ieslasvias-09a.es\/?p=1276"},"modified":"2026-03-11T12:37:29","modified_gmt":"2026-03-11T12:37:29","slug":"%f0%9f%8e%ac%e2%9c%a8-cine-y-cultura-en-malaga-%e2%9c%a8%f0%9f%8e%ac","status":"publish","type":"post","link":"https:\/\/www.xn--ieslasvias-09a.es\/?p=1276","title":{"rendered":"\ud83c\udfac\u2728 Cine y cultura en M\u00e1laga \u2728\ud83c\udfac"},"content":{"rendered":"\n<p>Ayer, martes 10 de marzo, los grupos ganadores del D\u00eda de Andaluc\u00eda disfrutaron de una experiencia muy especial en el Cinef\u00f3rum de M\u00e1laga, con motivo del Festival de Cine de M\u00e1laga.<br>All\u00ed asistieron al visionado de la pel\u00edcula \u201cUn hijo\u201d, protagonizada por Macarena Garc\u00eda y Hugo Silva.<\/p>\n\n\n\n<p>Tras la proyecci\u00f3n, participaron en un interesante coloquio con el director Nacho La Casa y los actores Macarena Garc\u00eda e Ian Cortegoso, donde pudieron conocer de primera mano curiosidades y detalles sobre la pel\u00edcula. \ud83c\udfa5\ud83d\udcac<\/p>\n\n\n\n<p>Para terminar la jornada, disfrutaron de tiempo libre para pasear por el centro de la ciudad y seguir compartiendo esta experiencia juntos. \u2600\ufe0f\ud83c\udfd9\ufe0f<\/p>\n\n\n\n<p>\u00a1Una jornada cultural y cinematogr\u00e1fica que seguro recordar\u00e1n! \ud83c\udf7f\ud83c\udf9e\ufe0f<br>#FestivalDeM\u00e1laga #Cinef\u00f3rum #D\u00edaDeAndaluc\u00eda #M\u00e1laga #CineEspa\u00f1ol<\/p>\n\n\n\n<figure class=\"wp-block-gallery has-nested-images columns-default is-cropped wp-block-gallery-1 is-layout-flex wp-block-gallery-is-layout-flex\">\n<figure class=\"wp-block-image size-large\"><img loading=\"lazy\" decoding=\"async\" width=\"1024\" height=\"768\" data-id=\"1283\" src=\"https:\/\/www.xn--ieslasvias-09a.es\/wp-content\/uploads\/2026\/03\/cine2-1024x768.jpeg\" alt=\"\" class=\"wp-image-1283\" srcset=\"https:\/\/www.xn--ieslasvias-09a.es\/wp-content\/uploads\/2026\/03\/cine2-1024x768.jpeg 1024w, https:\/\/www.xn--ieslasvias-09a.es\/wp-content\/uploads\/2026\/03\/cine2-300x225.jpeg 300w, https:\/\/www.xn--ieslasvias-09a.es\/wp-content\/uploads\/2026\/03\/cine2-768x576.jpeg 768w, https:\/\/www.xn--ieslasvias-09a.es\/wp-content\/uploads\/2026\/03\/cine2-1536x1152.jpeg 1536w, https:\/\/www.xn--ieslasvias-09a.es\/wp-content\/uploads\/2026\/03\/cine2.jpeg 2040w\" sizes=\"auto, (max-width: 1024px) 100vw, 1024px\" \/><\/figure>\n\n\n\n<figure class=\"wp-block-image size-large\"><img loading=\"lazy\" decoding=\"async\" width=\"1024\" height=\"768\" data-id=\"1282\" src=\"https:\/\/www.xn--ieslasvias-09a.es\/wp-content\/uploads\/2026\/03\/cine1-1024x768.jpeg\" alt=\"\" class=\"wp-image-1282\" srcset=\"https:\/\/www.xn--ieslasvias-09a.es\/wp-content\/uploads\/2026\/03\/cine1-1024x768.jpeg 1024w, https:\/\/www.xn--ieslasvias-09a.es\/wp-content\/uploads\/2026\/03\/cine1-300x225.jpeg 300w, https:\/\/www.xn--ieslasvias-09a.es\/wp-content\/uploads\/2026\/03\/cine1-768x576.jpeg 768w, https:\/\/www.xn--ieslasvias-09a.es\/wp-content\/uploads\/2026\/03\/cine1-1536x1152.jpeg 1536w, https:\/\/www.xn--ieslasvias-09a.es\/wp-content\/uploads\/2026\/03\/cine1.jpeg 2040w\" sizes=\"auto, (max-width: 1024px) 100vw, 1024px\" \/><\/figure>\n\n\n\n<figure class=\"wp-block-image size-large\"><img loading=\"lazy\" decoding=\"async\" width=\"1024\" height=\"461\" data-id=\"1281\" src=\"https:\/\/www.xn--ieslasvias-09a.es\/wp-content\/uploads\/2026\/03\/cine4-1024x461.jpeg\" alt=\"\" class=\"wp-image-1281\" srcset=\"https:\/\/www.xn--ieslasvias-09a.es\/wp-content\/uploads\/2026\/03\/cine4-1024x461.jpeg 1024w, https:\/\/www.xn--ieslasvias-09a.es\/wp-content\/uploads\/2026\/03\/cine4-300x135.jpeg 300w, https:\/\/www.xn--ieslasvias-09a.es\/wp-content\/uploads\/2026\/03\/cine4-768x346.jpeg 768w, https:\/\/www.xn--ieslasvias-09a.es\/wp-content\/uploads\/2026\/03\/cine4-1536x691.jpeg 1536w, https:\/\/www.xn--ieslasvias-09a.es\/wp-content\/uploads\/2026\/03\/cine4.jpeg 2000w\" sizes=\"auto, (max-width: 1024px) 100vw, 1024px\" \/><\/figure>\n\n\n\n<figure class=\"wp-block-image size-large\"><img loading=\"lazy\" decoding=\"async\" width=\"1024\" height=\"461\" data-id=\"1278\" src=\"https:\/\/www.xn--ieslasvias-09a.es\/wp-content\/uploads\/2026\/03\/cine5-1024x461.jpeg\" alt=\"\" class=\"wp-image-1278\" srcset=\"https:\/\/www.xn--ieslasvias-09a.es\/wp-content\/uploads\/2026\/03\/cine5-1024x461.jpeg 1024w, https:\/\/www.xn--ieslasvias-09a.es\/wp-content\/uploads\/2026\/03\/cine5-300x135.jpeg 300w, https:\/\/www.xn--ieslasvias-09a.es\/wp-content\/uploads\/2026\/03\/cine5-768x346.jpeg 768w, https:\/\/www.xn--ieslasvias-09a.es\/wp-content\/uploads\/2026\/03\/cine5-1536x691.jpeg 1536w, https:\/\/www.xn--ieslasvias-09a.es\/wp-content\/uploads\/2026\/03\/cine5.jpeg 2000w\" sizes=\"auto, (max-width: 1024px) 100vw, 1024px\" \/><\/figure>\n\n\n\n<figure class=\"wp-block-image size-large\"><img loading=\"lazy\" decoding=\"async\" width=\"1024\" height=\"461\" data-id=\"1279\" src=\"https:\/\/www.xn--ieslasvias-09a.es\/wp-content\/uploads\/2026\/03\/cine6-1024x461.jpeg\" alt=\"\" class=\"wp-image-1279\" srcset=\"https:\/\/www.xn--ieslasvias-09a.es\/wp-content\/uploads\/2026\/03\/cine6-1024x461.jpeg 1024w, https:\/\/www.xn--ieslasvias-09a.es\/wp-content\/uploads\/2026\/03\/cine6-300x135.jpeg 300w, https:\/\/www.xn--ieslasvias-09a.es\/wp-content\/uploads\/2026\/03\/cine6-768x346.jpeg 768w, https:\/\/www.xn--ieslasvias-09a.es\/wp-content\/uploads\/2026\/03\/cine6-1536x691.jpeg 1536w, https:\/\/www.xn--ieslasvias-09a.es\/wp-content\/uploads\/2026\/03\/cine6.jpeg 2000w\" sizes=\"auto, (max-width: 1024px) 100vw, 1024px\" \/><\/figure>\n\n\n\n<figure class=\"wp-block-image size-large\"><img loading=\"lazy\" decoding=\"async\" width=\"1024\" height=\"461\" data-id=\"1280\" src=\"https:\/\/www.xn--ieslasvias-09a.es\/wp-content\/uploads\/2026\/03\/cine7-1024x461.jpeg\" alt=\"\" class=\"wp-image-1280\" srcset=\"https:\/\/www.xn--ieslasvias-09a.es\/wp-content\/uploads\/2026\/03\/cine7-1024x461.jpeg 1024w, https:\/\/www.xn--ieslasvias-09a.es\/wp-content\/uploads\/2026\/03\/cine7-300x135.jpeg 300w, https:\/\/www.xn--ieslasvias-09a.es\/wp-content\/uploads\/2026\/03\/cine7-768x346.jpeg 768w, https:\/\/www.xn--ieslasvias-09a.es\/wp-content\/uploads\/2026\/03\/cine7-1536x691.jpeg 1536w, https:\/\/www.xn--ieslasvias-09a.es\/wp-content\/uploads\/2026\/03\/cine7.jpeg 2000w\" sizes=\"auto, (max-width: 1024px) 100vw, 1024px\" \/><\/figure>\n\n\n\n<figure class=\"wp-block-image size-large\"><img loading=\"lazy\" decoding=\"async\" width=\"1024\" height=\"461\" data-id=\"1284\" src=\"https:\/\/www.xn--ieslasvias-09a.es\/wp-content\/uploads\/2026\/03\/cine3-1024x461.jpeg\" alt=\"\" class=\"wp-image-1284\" srcset=\"https:\/\/www.xn--ieslasvias-09a.es\/wp-content\/uploads\/2026\/03\/cine3-1024x461.jpeg 1024w, https:\/\/www.xn--ieslasvias-09a.es\/wp-content\/uploads\/2026\/03\/cine3-300x135.jpeg 300w, https:\/\/www.xn--ieslasvias-09a.es\/wp-content\/uploads\/2026\/03\/cine3-768x346.jpeg 768w, https:\/\/www.xn--ieslasvias-09a.es\/wp-content\/uploads\/2026\/03\/cine3-1536x691.jpeg 1536w, https:\/\/www.xn--ieslasvias-09a.es\/wp-content\/uploads\/2026\/03\/cine3.jpeg 2000w\" sizes=\"auto, (max-width: 1024px) 100vw, 1024px\" \/><\/figure>\n<\/figure>\n","protected":false},"excerpt":{"rendered":"<p>Ayer, martes 10 de marzo, los grupos ganadores del D\u00eda de Andaluc\u00eda disfrutaron de una&#8230;<\/p>\n","protected":false},"author":2,"featured_media":1277,"comment_status":"open","ping_status":"closed","sticky":false,"template":"","format":"standard","meta":{"advanced_seo_description":"","jetpack_seo_html_title":"","jetpack_seo_noindex":false,"ngg_post_thumbnail":0,"footnotes":""},"categories":[7,8,4],"tags":[],"class_list":["post-1276","post","type-post","status-publish","format-standard","has-post-thumbnail","hentry","category-carrusel","category-destacados","category-direccion"],"jetpack_sharing_enabled":true,"jetpack_featured_media_url":"https:\/\/www.xn--ieslasvias-09a.es\/wp-content\/uploads\/2026\/03\/actoresydir.jpeg","jetpack-related-posts":[{"id":1299,"url":"https:\/\/www.xn--ieslasvias-09a.es\/?p=1299","url_meta":{"origin":1276,"position":0},"title":"\ud83c\uddeb\ud83c\uddf7 De las aulas a Par\u00eds: una experiencia inolvidable para 4\u00ba de ESO \u2708\ufe0f\u2728","author":"redactora","date":"marzo 25, 2026","format":false,"excerpt":"El pasado s\u00e1bado, sobre las 4:20 de la madrugada, nuestros alumnos de 4\u00ba de ESO pusieron rumbo al aeropuerto de M\u00e1laga para comenzar su viaje de fin de estudios. Tras un vuelo tranquilo\u2026 \u00a1aterrizaron en Par\u00eds incluso 25 minutos antes de lo previsto! \u23f1\ufe0f D\u00eda 1 en Par\u00eds \ud83c\uddeb\ud83c\uddf7\u2728 El\u2026","rel":"","context":"En \u00abCarrusel\u00bb","block_context":{"text":"Carrusel","link":"https:\/\/www.xn--ieslasvias-09a.es\/?cat=7"},"img":{"alt_text":"","src":"https:\/\/i0.wp.com\/www.xn--ieslasvias-09a.es\/wp-content\/uploads\/2026\/03\/torredia.jpeg?resize=350%2C200&ssl=1","width":350,"height":200,"srcset":"https:\/\/i0.wp.com\/www.xn--ieslasvias-09a.es\/wp-content\/uploads\/2026\/03\/torredia.jpeg?resize=350%2C200&ssl=1 1x, https:\/\/i0.wp.com\/www.xn--ieslasvias-09a.es\/wp-content\/uploads\/2026\/03\/torredia.jpeg?resize=525%2C300&ssl=1 1.5x, https:\/\/i0.wp.com\/www.xn--ieslasvias-09a.es\/wp-content\/uploads\/2026\/03\/torredia.jpeg?resize=700%2C400&ssl=1 2x, https:\/\/i0.wp.com\/www.xn--ieslasvias-09a.es\/wp-content\/uploads\/2026\/03\/torredia.jpeg?resize=1050%2C600&ssl=1 3x, https:\/\/i0.wp.com\/www.xn--ieslasvias-09a.es\/wp-content\/uploads\/2026\/03\/torredia.jpeg?resize=1400%2C800&ssl=1 4x"},"classes":[]},{"id":505,"url":"https:\/\/www.xn--ieslasvias-09a.es\/?p=505","url_meta":{"origin":1276,"position":1},"title":"Navegamos en Catamar\u00e1n y Centro Pompidou","author":"admin","date":"mayo 3, 2024","format":false,"excerpt":"Viaje multidepartamental a M\u00e1laga. Todos juntos disfrutamos de un maravilloso paseo en catamar\u00e1n por la bah\u00eda de M\u00e1laga. Despu\u00e9s, el alumnado de Franc\u00e9s realiz\u00f3 una visita dialogada en franc\u00e9s por el Centre Pompidou, el alumnado de Cultura Cl\u00e1sica realiz\u00f3 una visita guiada por el teatro romano y el alumnado de\u2026","rel":"","context":"En \u00abCarrusel\u00bb","block_context":{"text":"Carrusel","link":"https:\/\/www.xn--ieslasvias-09a.es\/?cat=7"},"img":{"alt_text":"","src":"https:\/\/i0.wp.com\/www.xn--ieslasvias-09a.es\/wp-content\/uploads\/2024\/05\/WhatsApp-Image-2024-05-03-at-10.57.01-1.jpeg?resize=350%2C200&ssl=1","width":350,"height":200,"srcset":"https:\/\/i0.wp.com\/www.xn--ieslasvias-09a.es\/wp-content\/uploads\/2024\/05\/WhatsApp-Image-2024-05-03-at-10.57.01-1.jpeg?resize=350%2C200&ssl=1 1x, https:\/\/i0.wp.com\/www.xn--ieslasvias-09a.es\/wp-content\/uploads\/2024\/05\/WhatsApp-Image-2024-05-03-at-10.57.01-1.jpeg?resize=525%2C300&ssl=1 1.5x, https:\/\/i0.wp.com\/www.xn--ieslasvias-09a.es\/wp-content\/uploads\/2024\/05\/WhatsApp-Image-2024-05-03-at-10.57.01-1.jpeg?resize=700%2C400&ssl=1 2x, https:\/\/i0.wp.com\/www.xn--ieslasvias-09a.es\/wp-content\/uploads\/2024\/05\/WhatsApp-Image-2024-05-03-at-10.57.01-1.jpeg?resize=1050%2C600&ssl=1 3x, https:\/\/i0.wp.com\/www.xn--ieslasvias-09a.es\/wp-content\/uploads\/2024\/05\/WhatsApp-Image-2024-05-03-at-10.57.01-1.jpeg?resize=1400%2C800&ssl=1 4x"},"classes":[]},{"id":760,"url":"https:\/\/www.xn--ieslasvias-09a.es\/?p=760","url_meta":{"origin":1276,"position":2},"title":"Las Vi\u00f1as con Federico Garc\u00eda Lorca","author":"admin","date":"diciembre 17, 2024","format":false,"excerpt":"Los alumnos de 4ESO se han desplazado hoy a M\u00e1laga para asistir a la representaci\u00f3n teatral de La casa de Bernarda Alba de Federico Garc\u00eda Lorca.","rel":"","context":"En \u00abCarrusel\u00bb","block_context":{"text":"Carrusel","link":"https:\/\/www.xn--ieslasvias-09a.es\/?cat=7"},"img":{"alt_text":"","src":"https:\/\/i0.wp.com\/www.xn--ieslasvias-09a.es\/wp-content\/uploads\/2024\/12\/Imagen-de-WhatsApp-2024-12-16-a-las-15.59.13_c84d3a79.jpg?resize=350%2C200&ssl=1","width":350,"height":200,"srcset":"https:\/\/i0.wp.com\/www.xn--ieslasvias-09a.es\/wp-content\/uploads\/2024\/12\/Imagen-de-WhatsApp-2024-12-16-a-las-15.59.13_c84d3a79.jpg?resize=350%2C200&ssl=1 1x, https:\/\/i0.wp.com\/www.xn--ieslasvias-09a.es\/wp-content\/uploads\/2024\/12\/Imagen-de-WhatsApp-2024-12-16-a-las-15.59.13_c84d3a79.jpg?resize=525%2C300&ssl=1 1.5x, https:\/\/i0.wp.com\/www.xn--ieslasvias-09a.es\/wp-content\/uploads\/2024\/12\/Imagen-de-WhatsApp-2024-12-16-a-las-15.59.13_c84d3a79.jpg?resize=700%2C400&ssl=1 2x, https:\/\/i0.wp.com\/www.xn--ieslasvias-09a.es\/wp-content\/uploads\/2024\/12\/Imagen-de-WhatsApp-2024-12-16-a-las-15.59.13_c84d3a79.jpg?resize=1050%2C600&ssl=1 3x, https:\/\/i0.wp.com\/www.xn--ieslasvias-09a.es\/wp-content\/uploads\/2024\/12\/Imagen-de-WhatsApp-2024-12-16-a-las-15.59.13_c84d3a79.jpg?resize=1400%2C800&ssl=1 4x"},"classes":[]},{"id":715,"url":"https:\/\/www.xn--ieslasvias-09a.es\/?p=715","url_meta":{"origin":1276,"position":3},"title":"Visita al Club de Remo y Astillero del Pedregal","author":"admin","date":"noviembre 26, 2024","format":false,"excerpt":"El alumnado de 1\u00ba de ESO del IES Las Vi\u00f1as comenz\u00f3 el d\u00eda navegando por el Mediterr\u00e1neo con el Club Deportivo La Espailla de M\u00e1laga, disfrutando de la experiencia del remo en barcas de j\u00e1bega y conociendo esta tradici\u00f3n malague\u00f1a. A continuaci\u00f3n, visitaron el astillero del Pedregal EMI, donde observaron\u2026","rel":"","context":"En \u00abCarrusel\u00bb","block_context":{"text":"Carrusel","link":"https:\/\/www.xn--ieslasvias-09a.es\/?cat=7"},"img":{"alt_text":"","src":"https:\/\/i0.wp.com\/www.xn--ieslasvias-09a.es\/wp-content\/uploads\/2024\/11\/WhatsApp-Image-2024-11-26-at-13.29.33-1.jpeg?resize=350%2C200&ssl=1","width":350,"height":200,"srcset":"https:\/\/i0.wp.com\/www.xn--ieslasvias-09a.es\/wp-content\/uploads\/2024\/11\/WhatsApp-Image-2024-11-26-at-13.29.33-1.jpeg?resize=350%2C200&ssl=1 1x, https:\/\/i0.wp.com\/www.xn--ieslasvias-09a.es\/wp-content\/uploads\/2024\/11\/WhatsApp-Image-2024-11-26-at-13.29.33-1.jpeg?resize=525%2C300&ssl=1 1.5x, https:\/\/i0.wp.com\/www.xn--ieslasvias-09a.es\/wp-content\/uploads\/2024\/11\/WhatsApp-Image-2024-11-26-at-13.29.33-1.jpeg?resize=700%2C400&ssl=1 2x, https:\/\/i0.wp.com\/www.xn--ieslasvias-09a.es\/wp-content\/uploads\/2024\/11\/WhatsApp-Image-2024-11-26-at-13.29.33-1.jpeg?resize=1050%2C600&ssl=1 3x, https:\/\/i0.wp.com\/www.xn--ieslasvias-09a.es\/wp-content\/uploads\/2024\/11\/WhatsApp-Image-2024-11-26-at-13.29.33-1.jpeg?resize=1400%2C800&ssl=1 4x"},"classes":[]},{"id":1158,"url":"https:\/\/www.xn--ieslasvias-09a.es\/?p=1158","url_meta":{"origin":1276,"position":4},"title":"\ud83c\udf1f\u2728 **Jornada de Convivencia y Aprendizaje Compartido** \u2728\ud83c\udf1f","author":"redactora","date":"febrero 18, 2026","format":false,"excerpt":"El pasado lunes 16 de febrero, nuestro alumnado del Aula Espec\u00edfica del I.E.S. Las Vi\u00f1as disfrut\u00f3 de una fant\u00e1stica jornada junto a los alumnos y alumnas de los P.T.V.A.L. en el C.E.I.P. Reina Sof\u00eda de Antequera \ud83c\udfeb\ud83d\udc99 Durante la visita pudimos conocer de primera mano el excelente trabajo que realizan\u2026","rel":"","context":"En \u00abCarrusel\u00bb","block_context":{"text":"Carrusel","link":"https:\/\/www.xn--ieslasvias-09a.es\/?cat=7"},"img":{"alt_text":"","src":"https:\/\/i0.wp.com\/www.xn--ieslasvias-09a.es\/wp-content\/uploads\/2026\/02\/div1.jpeg?resize=350%2C200&ssl=1","width":350,"height":200,"srcset":"https:\/\/i0.wp.com\/www.xn--ieslasvias-09a.es\/wp-content\/uploads\/2026\/02\/div1.jpeg?resize=350%2C200&ssl=1 1x, https:\/\/i0.wp.com\/www.xn--ieslasvias-09a.es\/wp-content\/uploads\/2026\/02\/div1.jpeg?resize=525%2C300&ssl=1 1.5x, https:\/\/i0.wp.com\/www.xn--ieslasvias-09a.es\/wp-content\/uploads\/2026\/02\/div1.jpeg?resize=700%2C400&ssl=1 2x, https:\/\/i0.wp.com\/www.xn--ieslasvias-09a.es\/wp-content\/uploads\/2026\/02\/div1.jpeg?resize=1050%2C600&ssl=1 3x, https:\/\/i0.wp.com\/www.xn--ieslasvias-09a.es\/wp-content\/uploads\/2026\/02\/div1.jpeg?resize=1400%2C800&ssl=1 4x"},"classes":[]},{"id":1084,"url":"https:\/\/www.xn--ieslasvias-09a.es\/?p=1084","url_meta":{"origin":1276,"position":5},"title":"\ud83c\uddeb\ud83c\uddf7\u2728 Segundo y tercer d\u00eda de inmersi\u00f3n ling\u00fc\u00edstica \u2728\ud83c\uddeb\ud83c\uddf7 11 y 12 de febrero \ud83d\udcc5","author":"redactora","date":"febrero 13, 2026","format":false,"excerpt":"El segundo d\u00eda estuvo marcado por el tiempo cambiante \ud83c\udf26\ufe0f, pero la lluvia no impidi\u00f3 que disfrut\u00e1ramos de todas las actividades. Terminamos la jornada con una sesi\u00f3n de cine muy especial \ud83c\udfac El tercer d\u00eda, por fin, sali\u00f3 el sol \u2600\ufe0f y pudimos aprovechar al m\u00e1ximo las actividades al aire\u2026","rel":"","context":"En \u00abCarrusel\u00bb","block_context":{"text":"Carrusel","link":"https:\/\/www.xn--ieslasvias-09a.es\/?cat=7"},"img":{"alt_text":"","src":"https:\/\/i0.wp.com\/www.xn--ieslasvias-09a.es\/wp-content\/uploads\/2026\/02\/IMG5-2.jpeg?resize=350%2C200&ssl=1","width":350,"height":200,"srcset":"https:\/\/i0.wp.com\/www.xn--ieslasvias-09a.es\/wp-content\/uploads\/2026\/02\/IMG5-2.jpeg?resize=350%2C200&ssl=1 1x, https:\/\/i0.wp.com\/www.xn--ieslasvias-09a.es\/wp-content\/uploads\/2026\/02\/IMG5-2.jpeg?resize=525%2C300&ssl=1 1.5x, https:\/\/i0.wp.com\/www.xn--ieslasvias-09a.es\/wp-content\/uploads\/2026\/02\/IMG5-2.jpeg?resize=700%2C400&ssl=1 2x, https:\/\/i0.wp.com\/www.xn--ieslasvias-09a.es\/wp-content\/uploads\/2026\/02\/IMG5-2.jpeg?resize=1050%2C600&ssl=1 3x, https:\/\/i0.wp.com\/www.xn--ieslasvias-09a.es\/wp-content\/uploads\/2026\/02\/IMG5-2.jpeg?resize=1400%2C800&ssl=1 4x"},"classes":[]}],"_links":{"self":[{"href":"https:\/\/www.xn--ieslasvias-09a.es\/index.php?rest_route=\/wp\/v2\/posts\/1276","targetHints":{"allow":["GET"]}}],"collection":[{"href":"https:\/\/www.xn--ieslasvias-09a.es\/index.php?rest_route=\/wp\/v2\/posts"}],"about":[{"href":"https:\/\/www.xn--ieslasvias-09a.es\/index.php?rest_route=\/wp\/v2\/types\/post"}],"author":[{"embeddable":true,"href":"https:\/\/www.xn--ieslasvias-09a.es\/index.php?rest_route=\/wp\/v2\/users\/2"}],"replies":[{"embeddable":true,"href":"https:\/\/www.xn--ieslasvias-09a.es\/index.php?rest_route=%2Fwp%2Fv2%2Fcomments&post=1276"}],"version-history":[{"count":1,"href":"https:\/\/www.xn--ieslasvias-09a.es\/index.php?rest_route=\/wp\/v2\/posts\/1276\/revisions"}],"predecessor-version":[{"id":1285,"href":"https:\/\/www.xn--ieslasvias-09a.es\/index.php?rest_route=\/wp\/v2\/posts\/1276\/revisions\/1285"}],"wp:featuredmedia":[{"embeddable":true,"href":"https:\/\/www.xn--ieslasvias-09a.es\/index.php?rest_route=\/wp\/v2\/media\/1277"}],"wp:attachment":[{"href":"https:\/\/www.xn--ieslasvias-09a.es\/index.php?rest_route=%2Fwp%2Fv2%2Fmedia&parent=1276"}],"wp:term":[{"taxonomy":"category","embeddable":true,"href":"https:\/\/www.xn--ieslasvias-09a.es\/index.php?rest_route=%2Fwp%2Fv2%2Fcategories&post=1276"},{"taxonomy":"post_tag","embeddable":true,"href":"https:\/\/www.xn--ieslasvias-09a.es\/index.php?rest_route=%2Fwp%2Fv2%2Ftags&post=1276"}],"curies":[{"name":"wp","href":"https:\/\/api.w.org\/{rel}","templated":true}]}}