{"id":1388,"date":"2026-04-29T09:22:04","date_gmt":"2026-04-29T09:22:04","guid":{"rendered":"https:\/\/www.xn--ieslasvias-09a.es\/?p=1388"},"modified":"2026-04-29T09:22:06","modified_gmt":"2026-04-29T09:22:06","slug":"visita-a-la-cooperativa-andaluza-agricola-virgen-de-la-oliva-scaavo","status":"publish","type":"post","link":"https:\/\/www.xn--ieslasvias-09a.es\/?p=1388","title":{"rendered":"Visita a la Cooperativa Andaluza Agr\u00edcola Virgen de la Oliva (SCAAVO)"},"content":{"rendered":"\n<p>Nuestro alumnado de 3\u00ba ESO visit\u00f3 ayer la Cooperativa Andaluza Agr\u00edcola Virgen de la Oliva, donde pudo conocer de primera mano su funcionamiento y el proceso de trabajo.<\/p>\n\n\n\n<p>Durante la jornada, recogieron informaci\u00f3n clave para el proyecto interdisciplinar que desarrollar\u00e1n en las \u00e1reas de Tecnolog\u00eda e Ingl\u00e9s en los pr\u00f3ximos d\u00edas.<\/p>\n\n\n\n<p>Queremos agradecer la gran acogida y colaboraci\u00f3n de @virgendelaoliva \ud83d\udc4f<\/p>\n\n\n\n<p>\u00a1Pronto veremos el resultado de este interesante proyecto! \ud83c\udf31\u2728<\/p>\n\n\n\n<p>#Educaci\u00f3n #AprendizajeActivo #ProyectoInterdisciplinar #ESO #Tecnolog\u00eda #Ingl\u00e9s #Cooperativa #Andaluc\u00eda #Formaci\u00f3n #TrabajoEnEquipo #Innovaci\u00f3nEducativa<\/p>\n\n\n\n<figure class=\"wp-block-gallery has-nested-images columns-default is-cropped wp-block-gallery-1 is-layout-flex wp-block-gallery-is-layout-flex\">\n<figure class=\"wp-block-image size-large\"><img loading=\"lazy\" decoding=\"async\" width=\"768\" height=\"1024\" data-id=\"1389\" src=\"https:\/\/www.xn--ieslasvias-09a.es\/wp-content\/uploads\/2026\/04\/WhatsApp-Image-2026-04-28-at-12.52.03-2-768x1024.jpeg\" alt=\"\" class=\"wp-image-1389\" srcset=\"https:\/\/www.xn--ieslasvias-09a.es\/wp-content\/uploads\/2026\/04\/WhatsApp-Image-2026-04-28-at-12.52.03-2-768x1024.jpeg 768w, https:\/\/www.xn--ieslasvias-09a.es\/wp-content\/uploads\/2026\/04\/WhatsApp-Image-2026-04-28-at-12.52.03-2-225x300.jpeg 225w, https:\/\/www.xn--ieslasvias-09a.es\/wp-content\/uploads\/2026\/04\/WhatsApp-Image-2026-04-28-at-12.52.03-2-1152x1536.jpeg 1152w, https:\/\/www.xn--ieslasvias-09a.es\/wp-content\/uploads\/2026\/04\/WhatsApp-Image-2026-04-28-at-12.52.03-2-1024x1365.jpeg 1024w, https:\/\/www.xn--ieslasvias-09a.es\/wp-content\/uploads\/2026\/04\/WhatsApp-Image-2026-04-28-at-12.52.03-2.jpeg 1200w\" sizes=\"auto, (max-width: 768px) 100vw, 768px\" \/><\/figure>\n\n\n\n<figure class=\"wp-block-image size-large\"><img loading=\"lazy\" decoding=\"async\" width=\"768\" height=\"1024\" data-id=\"1394\" src=\"https:\/\/www.xn--ieslasvias-09a.es\/wp-content\/uploads\/2026\/04\/WhatsApp-Image-2026-04-28-at-12.52.03-3-768x1024.jpeg\" alt=\"\" class=\"wp-image-1394\" srcset=\"https:\/\/www.xn--ieslasvias-09a.es\/wp-content\/uploads\/2026\/04\/WhatsApp-Image-2026-04-28-at-12.52.03-3-768x1024.jpeg 768w, https:\/\/www.xn--ieslasvias-09a.es\/wp-content\/uploads\/2026\/04\/WhatsApp-Image-2026-04-28-at-12.52.03-3-225x300.jpeg 225w, https:\/\/www.xn--ieslasvias-09a.es\/wp-content\/uploads\/2026\/04\/WhatsApp-Image-2026-04-28-at-12.52.03-3-1152x1536.jpeg 1152w, https:\/\/www.xn--ieslasvias-09a.es\/wp-content\/uploads\/2026\/04\/WhatsApp-Image-2026-04-28-at-12.52.03-3-1024x1365.jpeg 1024w, https:\/\/www.xn--ieslasvias-09a.es\/wp-content\/uploads\/2026\/04\/WhatsApp-Image-2026-04-28-at-12.52.03-3.jpeg 1200w\" sizes=\"auto, (max-width: 768px) 100vw, 768px\" \/><\/figure>\n\n\n\n<figure class=\"wp-block-image size-large\"><img loading=\"lazy\" decoding=\"async\" width=\"768\" height=\"1024\" data-id=\"1395\" src=\"https:\/\/www.xn--ieslasvias-09a.es\/wp-content\/uploads\/2026\/04\/WhatsApp-Image-2026-04-28-at-12.52.03-768x1024.jpeg\" alt=\"\" class=\"wp-image-1395\" srcset=\"https:\/\/www.xn--ieslasvias-09a.es\/wp-content\/uploads\/2026\/04\/WhatsApp-Image-2026-04-28-at-12.52.03-768x1024.jpeg 768w, https:\/\/www.xn--ieslasvias-09a.es\/wp-content\/uploads\/2026\/04\/WhatsApp-Image-2026-04-28-at-12.52.03-225x300.jpeg 225w, https:\/\/www.xn--ieslasvias-09a.es\/wp-content\/uploads\/2026\/04\/WhatsApp-Image-2026-04-28-at-12.52.03-1152x1536.jpeg 1152w, https:\/\/www.xn--ieslasvias-09a.es\/wp-content\/uploads\/2026\/04\/WhatsApp-Image-2026-04-28-at-12.52.03-1024x1365.jpeg 1024w, https:\/\/www.xn--ieslasvias-09a.es\/wp-content\/uploads\/2026\/04\/WhatsApp-Image-2026-04-28-at-12.52.03.jpeg 1200w\" sizes=\"auto, (max-width: 768px) 100vw, 768px\" \/><\/figure>\n\n\n\n<figure class=\"wp-block-image size-large\"><img loading=\"lazy\" decoding=\"async\" width=\"768\" height=\"1024\" data-id=\"1390\" src=\"https:\/\/www.xn--ieslasvias-09a.es\/wp-content\/uploads\/2026\/04\/WhatsApp-Image-2026-04-28-at-12.52.04-768x1024.jpeg\" alt=\"\" class=\"wp-image-1390\" srcset=\"https:\/\/www.xn--ieslasvias-09a.es\/wp-content\/uploads\/2026\/04\/WhatsApp-Image-2026-04-28-at-12.52.04-768x1024.jpeg 768w, https:\/\/www.xn--ieslasvias-09a.es\/wp-content\/uploads\/2026\/04\/WhatsApp-Image-2026-04-28-at-12.52.04-225x300.jpeg 225w, https:\/\/www.xn--ieslasvias-09a.es\/wp-content\/uploads\/2026\/04\/WhatsApp-Image-2026-04-28-at-12.52.04-1152x1536.jpeg 1152w, https:\/\/www.xn--ieslasvias-09a.es\/wp-content\/uploads\/2026\/04\/WhatsApp-Image-2026-04-28-at-12.52.04-1024x1365.jpeg 1024w, https:\/\/www.xn--ieslasvias-09a.es\/wp-content\/uploads\/2026\/04\/WhatsApp-Image-2026-04-28-at-12.52.04.jpeg 1200w\" sizes=\"auto, (max-width: 768px) 100vw, 768px\" \/><\/figure>\n\n\n\n<figure class=\"wp-block-image size-large\"><img loading=\"lazy\" decoding=\"async\" width=\"768\" height=\"1024\" data-id=\"1391\" src=\"https:\/\/www.xn--ieslasvias-09a.es\/wp-content\/uploads\/2026\/04\/img1-3-768x1024.jpeg\" alt=\"\" class=\"wp-image-1391\" srcset=\"https:\/\/www.xn--ieslasvias-09a.es\/wp-content\/uploads\/2026\/04\/img1-3-768x1024.jpeg 768w, https:\/\/www.xn--ieslasvias-09a.es\/wp-content\/uploads\/2026\/04\/img1-3-225x300.jpeg 225w, https:\/\/www.xn--ieslasvias-09a.es\/wp-content\/uploads\/2026\/04\/img1-3-1152x1536.jpeg 1152w, https:\/\/www.xn--ieslasvias-09a.es\/wp-content\/uploads\/2026\/04\/img1-3-1024x1365.jpeg 1024w, https:\/\/www.xn--ieslasvias-09a.es\/wp-content\/uploads\/2026\/04\/img1-3.jpeg 1200w\" sizes=\"auto, (max-width: 768px) 100vw, 768px\" \/><\/figure>\n\n\n\n<figure class=\"wp-block-image size-large\"><img loading=\"lazy\" decoding=\"async\" width=\"768\" height=\"1024\" data-id=\"1393\" src=\"https:\/\/www.xn--ieslasvias-09a.es\/wp-content\/uploads\/2026\/04\/WhatsApp-Image-2026-04-28-at-12.52.03-1-768x1024.jpeg\" alt=\"\" class=\"wp-image-1393\" srcset=\"https:\/\/www.xn--ieslasvias-09a.es\/wp-content\/uploads\/2026\/04\/WhatsApp-Image-2026-04-28-at-12.52.03-1-768x1024.jpeg 768w, https:\/\/www.xn--ieslasvias-09a.es\/wp-content\/uploads\/2026\/04\/WhatsApp-Image-2026-04-28-at-12.52.03-1-225x300.jpeg 225w, https:\/\/www.xn--ieslasvias-09a.es\/wp-content\/uploads\/2026\/04\/WhatsApp-Image-2026-04-28-at-12.52.03-1-1152x1536.jpeg 1152w, https:\/\/www.xn--ieslasvias-09a.es\/wp-content\/uploads\/2026\/04\/WhatsApp-Image-2026-04-28-at-12.52.03-1-1024x1365.jpeg 1024w, https:\/\/www.xn--ieslasvias-09a.es\/wp-content\/uploads\/2026\/04\/WhatsApp-Image-2026-04-28-at-12.52.03-1.jpeg 1200w\" sizes=\"auto, (max-width: 768px) 100vw, 768px\" \/><\/figure>\n<\/figure>\n","protected":false},"excerpt":{"rendered":"<p>Nuestro alumnado de 3\u00ba ESO visit\u00f3 ayer la Cooperativa Andaluza Agr\u00edcola Virgen de la Oliva,&#8230;<\/p>\n","protected":false},"author":2,"featured_media":1396,"comment_status":"open","ping_status":"closed","sticky":false,"template":"","format":"standard","meta":{"advanced_seo_description":"","jetpack_seo_html_title":"","jetpack_seo_noindex":false,"ngg_post_thumbnail":0,"footnotes":""},"categories":[7,8,4,17,12],"tags":[],"class_list":["post-1388","post","type-post","status-publish","format-standard","has-post-thumbnail","hentry","category-carrusel","category-destacados","category-direccion","category-ingles","category-tecnologia"],"jetpack_sharing_enabled":true,"jetpack_featured_media_url":"https:\/\/www.xn--ieslasvias-09a.es\/wp-content\/uploads\/2026\/04\/WhatsApp-Image-2026-04-28-at-12.52.02-1.jpeg","jetpack-related-posts":[{"id":264,"url":"https:\/\/www.xn--ieslasvias-09a.es\/?p=264","url_meta":{"origin":1388,"position":0},"title":"16 de noviembre D\u00eda Internacional del Flamenco","author":"admin","date":"noviembre 20, 2023","format":false,"excerpt":"https:\/\/youtu.be\/WWYCuqVwi-Y El viernes 17 de noviembre, con motivo de la celebraci\u00f3n del D\u00eda Internacional del Flamenco se realiz\u00f3 un concierto did\u00e1ctico en la Cooperativa Virgen de la Oliva.Profesores de la Escuela de Flamenco de Mollina nos deleitaron con sus actuaciones y realizaron una actividad con los alumnos y alumnas para\u2026","rel":"","context":"En \u00abCarrusel\u00bb","block_context":{"text":"Carrusel","link":"https:\/\/www.xn--ieslasvias-09a.es\/?cat=7"},"img":{"alt_text":"","src":"https:\/\/i0.wp.com\/www.xn--ieslasvias-09a.es\/wp-content\/uploads\/2023\/11\/WhatsApp-Image-2023-11-19-at-13.29.21-1.jpeg?resize=350%2C200&ssl=1","width":350,"height":200,"srcset":"https:\/\/i0.wp.com\/www.xn--ieslasvias-09a.es\/wp-content\/uploads\/2023\/11\/WhatsApp-Image-2023-11-19-at-13.29.21-1.jpeg?resize=350%2C200&ssl=1 1x, https:\/\/i0.wp.com\/www.xn--ieslasvias-09a.es\/wp-content\/uploads\/2023\/11\/WhatsApp-Image-2023-11-19-at-13.29.21-1.jpeg?resize=525%2C300&ssl=1 1.5x, https:\/\/i0.wp.com\/www.xn--ieslasvias-09a.es\/wp-content\/uploads\/2023\/11\/WhatsApp-Image-2023-11-19-at-13.29.21-1.jpeg?resize=700%2C400&ssl=1 2x, https:\/\/i0.wp.com\/www.xn--ieslasvias-09a.es\/wp-content\/uploads\/2023\/11\/WhatsApp-Image-2023-11-19-at-13.29.21-1.jpeg?resize=1050%2C600&ssl=1 3x"},"classes":[]},{"id":524,"url":"https:\/\/www.xn--ieslasvias-09a.es\/?p=524","url_meta":{"origin":1388,"position":1},"title":"FANTEC 24","author":"admin","date":"mayo 18, 2024","format":false,"excerpt":"Alumnos de nuestro centro asistieron el Viernes 17 para presentar sus proyectos a la FERIA Andaluza de TECNOLOGIA (FANTEC) en el Palacio de Congresos de Torremolinos. Mostraron al p\u00fablico asistente Puentes, Robots, Casas Dom\u00f3ticas e incluso guitarras ciberneticas.Gran jornada tecnol\u00f3gica la que se ha vivido.","rel":"","context":"En \u00abCarrusel\u00bb","block_context":{"text":"Carrusel","link":"https:\/\/www.xn--ieslasvias-09a.es\/?cat=7"},"img":{"alt_text":"","src":"https:\/\/i0.wp.com\/www.xn--ieslasvias-09a.es\/wp-content\/uploads\/2024\/05\/WhatsApp-Image-2024-05-18-at-18.23.39-3.jpeg?resize=350%2C200&ssl=1","width":350,"height":200,"srcset":"https:\/\/i0.wp.com\/www.xn--ieslasvias-09a.es\/wp-content\/uploads\/2024\/05\/WhatsApp-Image-2024-05-18-at-18.23.39-3.jpeg?resize=350%2C200&ssl=1 1x, https:\/\/i0.wp.com\/www.xn--ieslasvias-09a.es\/wp-content\/uploads\/2024\/05\/WhatsApp-Image-2024-05-18-at-18.23.39-3.jpeg?resize=525%2C300&ssl=1 1.5x, https:\/\/i0.wp.com\/www.xn--ieslasvias-09a.es\/wp-content\/uploads\/2024\/05\/WhatsApp-Image-2024-05-18-at-18.23.39-3.jpeg?resize=700%2C400&ssl=1 2x, https:\/\/i0.wp.com\/www.xn--ieslasvias-09a.es\/wp-content\/uploads\/2024\/05\/WhatsApp-Image-2024-05-18-at-18.23.39-3.jpeg?resize=1050%2C600&ssl=1 3x, https:\/\/i0.wp.com\/www.xn--ieslasvias-09a.es\/wp-content\/uploads\/2024\/05\/WhatsApp-Image-2024-05-18-at-18.23.39-3.jpeg?resize=1400%2C800&ssl=1 4x"},"classes":[]},{"id":893,"url":"https:\/\/www.xn--ieslasvias-09a.es\/?p=893","url_meta":{"origin":1388,"position":2},"title":"Bodega Cortijo de la Fuente","author":"admin","date":"abril 22, 2025","format":false,"excerpt":"Explorando nuestras ra\u00edces y creando futuro. El alumnado de 3\u00ba de ESO ha visitado la Bodega Cortijo de la Fuente para preparar una gu\u00eda interactiva sobre sus instalaciones y procesos. Un proyecto conjunto de Tecnolog\u00eda e Ingl\u00e9s donde aprendemos, dise\u00f1amos y comunicamos. #AprendizajeReal#Tecnolog\u00edaEnAcci\u00f3n#Ingl\u00e9sParaElMundo#CortijoDeLaFuente#ProyectoInterdisciplinar#Educaci\u00f3nViva","rel":"","context":"En \u00abCarrusel\u00bb","block_context":{"text":"Carrusel","link":"https:\/\/www.xn--ieslasvias-09a.es\/?cat=7"},"img":{"alt_text":"","src":"https:\/\/i0.wp.com\/www.xn--ieslasvias-09a.es\/wp-content\/uploads\/2025\/04\/WhatsApp-Image-2025-04-22-at-21.57.51.jpeg?resize=350%2C200&ssl=1","width":350,"height":200,"srcset":"https:\/\/i0.wp.com\/www.xn--ieslasvias-09a.es\/wp-content\/uploads\/2025\/04\/WhatsApp-Image-2025-04-22-at-21.57.51.jpeg?resize=350%2C200&ssl=1 1x, https:\/\/i0.wp.com\/www.xn--ieslasvias-09a.es\/wp-content\/uploads\/2025\/04\/WhatsApp-Image-2025-04-22-at-21.57.51.jpeg?resize=525%2C300&ssl=1 1.5x, https:\/\/i0.wp.com\/www.xn--ieslasvias-09a.es\/wp-content\/uploads\/2025\/04\/WhatsApp-Image-2025-04-22-at-21.57.51.jpeg?resize=700%2C400&ssl=1 2x, https:\/\/i0.wp.com\/www.xn--ieslasvias-09a.es\/wp-content\/uploads\/2025\/04\/WhatsApp-Image-2025-04-22-at-21.57.51.jpeg?resize=1050%2C600&ssl=1 3x, https:\/\/i0.wp.com\/www.xn--ieslasvias-09a.es\/wp-content\/uploads\/2025\/04\/WhatsApp-Image-2025-04-22-at-21.57.51.jpeg?resize=1400%2C800&ssl=1 4x"},"classes":[]},{"id":399,"url":"https:\/\/www.xn--ieslasvias-09a.es\/?p=399","url_meta":{"origin":1388,"position":3},"title":"Exposici\u00f3n de las Provincias. D\u00eda de Andaluc\u00eda","author":"admin","date":"febrero 25, 2024","format":false,"excerpt":"El d\u00eda 23 de Febrero, el IES las Vi\u00f1as celebr\u00f3 el d\u00eda de Andaluc\u00eda organizando una Exposici\u00f3n de las ocho provincias Andaluzas. Cada curso dedic\u00f3 un Stand en una de ellas con sus trabajos, resultando una feria excepcional, con muchos proyectos de calidad, aparte hubo un exquisito Desayuno Andaluz para\u2026","rel":"","context":"En \u00abCarrusel\u00bb","block_context":{"text":"Carrusel","link":"https:\/\/www.xn--ieslasvias-09a.es\/?cat=7"},"img":{"alt_text":"","src":"https:\/\/i0.wp.com\/www.xn--ieslasvias-09a.es\/wp-content\/uploads\/2024\/02\/WhatsApp-Image-2024-02-23-at-09.51.42.jpeg?resize=350%2C200&ssl=1","width":350,"height":200,"srcset":"https:\/\/i0.wp.com\/www.xn--ieslasvias-09a.es\/wp-content\/uploads\/2024\/02\/WhatsApp-Image-2024-02-23-at-09.51.42.jpeg?resize=350%2C200&ssl=1 1x, https:\/\/i0.wp.com\/www.xn--ieslasvias-09a.es\/wp-content\/uploads\/2024\/02\/WhatsApp-Image-2024-02-23-at-09.51.42.jpeg?resize=525%2C300&ssl=1 1.5x, https:\/\/i0.wp.com\/www.xn--ieslasvias-09a.es\/wp-content\/uploads\/2024\/02\/WhatsApp-Image-2024-02-23-at-09.51.42.jpeg?resize=700%2C400&ssl=1 2x, https:\/\/i0.wp.com\/www.xn--ieslasvias-09a.es\/wp-content\/uploads\/2024\/02\/WhatsApp-Image-2024-02-23-at-09.51.42.jpeg?resize=1050%2C600&ssl=1 3x, https:\/\/i0.wp.com\/www.xn--ieslasvias-09a.es\/wp-content\/uploads\/2024\/02\/WhatsApp-Image-2024-02-23-at-09.51.42.jpeg?resize=1400%2C800&ssl=1 4x"},"classes":[]},{"id":1170,"url":"https:\/\/www.xn--ieslasvias-09a.es\/?p=1170","url_meta":{"origin":1388,"position":4},"title":"Celebraci\u00f3n del D\u00eda de Andaluc\u00eda","author":"redactora","date":"febrero 20, 2026","format":false,"excerpt":"Hoy hemos celebrado el #D\u00edaDeAndaluc\u00eda \ud83d\udc9a\ud83e\udd0d\ud83d\udc9a en nuestro centro y no podemos estar m\u00e1s orgullosos \ud83e\udd70. Comenzamos la jornada montando los distintos stands \ud83c\udfa8\ud83d\udee0\ufe0f y, tras un fabuloso desayuno andaluz con molletes, aceite, jam\u00f3n y chocolate caliente, abrimos nuestras puertas a alumnos, familiares y al personal del Ayuntamiento de Mollina,\u2026","rel":"","context":"En \u00abCarrusel\u00bb","block_context":{"text":"Carrusel","link":"https:\/\/www.xn--ieslasvias-09a.es\/?cat=7"},"img":{"alt_text":"","src":"https:\/\/i0.wp.com\/www.xn--ieslasvias-09a.es\/wp-content\/uploads\/2026\/02\/desayuno4-1.jpeg?resize=350%2C200&ssl=1","width":350,"height":200,"srcset":"https:\/\/i0.wp.com\/www.xn--ieslasvias-09a.es\/wp-content\/uploads\/2026\/02\/desayuno4-1.jpeg?resize=350%2C200&ssl=1 1x, https:\/\/i0.wp.com\/www.xn--ieslasvias-09a.es\/wp-content\/uploads\/2026\/02\/desayuno4-1.jpeg?resize=525%2C300&ssl=1 1.5x, https:\/\/i0.wp.com\/www.xn--ieslasvias-09a.es\/wp-content\/uploads\/2026\/02\/desayuno4-1.jpeg?resize=700%2C400&ssl=1 2x, https:\/\/i0.wp.com\/www.xn--ieslasvias-09a.es\/wp-content\/uploads\/2026\/02\/desayuno4-1.jpeg?resize=1050%2C600&ssl=1 3x, https:\/\/i0.wp.com\/www.xn--ieslasvias-09a.es\/wp-content\/uploads\/2026\/02\/desayuno4-1.jpeg?resize=1400%2C800&ssl=1 4x"},"classes":[]},{"id":629,"url":"https:\/\/www.xn--ieslasvias-09a.es\/?p=629","url_meta":{"origin":1388,"position":5},"title":"M\u00fasicos de Las Vi\u00f1as","author":"admin","date":"octubre 3, 2024","format":false,"excerpt":"El dia 3 de Octubre el alumnado del centro que forma parte de la escuela de m\u00fasica de Mollina ha estado presentando las actividades de la misma y animando a sus compa\u00f1ero@s a que participen y se inscriban. Agradecer a la Cooperativa @virgendelaoliva que como siempre nos cede sus instalaciones\u2026","rel":"","context":"En \u00abCarrusel\u00bb","block_context":{"text":"Carrusel","link":"https:\/\/www.xn--ieslasvias-09a.es\/?cat=7"},"img":{"alt_text":"","src":"https:\/\/i0.wp.com\/www.xn--ieslasvias-09a.es\/wp-content\/uploads\/2024\/10\/WhatsApp-Image-2024-10-03-at-20.11.56.jpeg?resize=350%2C200&ssl=1","width":350,"height":200,"srcset":"https:\/\/i0.wp.com\/www.xn--ieslasvias-09a.es\/wp-content\/uploads\/2024\/10\/WhatsApp-Image-2024-10-03-at-20.11.56.jpeg?resize=350%2C200&ssl=1 1x, https:\/\/i0.wp.com\/www.xn--ieslasvias-09a.es\/wp-content\/uploads\/2024\/10\/WhatsApp-Image-2024-10-03-at-20.11.56.jpeg?resize=525%2C300&ssl=1 1.5x, https:\/\/i0.wp.com\/www.xn--ieslasvias-09a.es\/wp-content\/uploads\/2024\/10\/WhatsApp-Image-2024-10-03-at-20.11.56.jpeg?resize=700%2C400&ssl=1 2x, https:\/\/i0.wp.com\/www.xn--ieslasvias-09a.es\/wp-content\/uploads\/2024\/10\/WhatsApp-Image-2024-10-03-at-20.11.56.jpeg?resize=1050%2C600&ssl=1 3x, https:\/\/i0.wp.com\/www.xn--ieslasvias-09a.es\/wp-content\/uploads\/2024\/10\/WhatsApp-Image-2024-10-03-at-20.11.56.jpeg?resize=1400%2C800&ssl=1 4x"},"classes":[]}],"_links":{"self":[{"href":"https:\/\/www.xn--ieslasvias-09a.es\/index.php?rest_route=\/wp\/v2\/posts\/1388","targetHints":{"allow":["GET"]}}],"collection":[{"href":"https:\/\/www.xn--ieslasvias-09a.es\/index.php?rest_route=\/wp\/v2\/posts"}],"about":[{"href":"https:\/\/www.xn--ieslasvias-09a.es\/index.php?rest_route=\/wp\/v2\/types\/post"}],"author":[{"embeddable":true,"href":"https:\/\/www.xn--ieslasvias-09a.es\/index.php?rest_route=\/wp\/v2\/users\/2"}],"replies":[{"embeddable":true,"href":"https:\/\/www.xn--ieslasvias-09a.es\/index.php?rest_route=%2Fwp%2Fv2%2Fcomments&post=1388"}],"version-history":[{"count":1,"href":"https:\/\/www.xn--ieslasvias-09a.es\/index.php?rest_route=\/wp\/v2\/posts\/1388\/revisions"}],"predecessor-version":[{"id":1397,"href":"https:\/\/www.xn--ieslasvias-09a.es\/index.php?rest_route=\/wp\/v2\/posts\/1388\/revisions\/1397"}],"wp:featuredmedia":[{"embeddable":true,"href":"https:\/\/www.xn--ieslasvias-09a.es\/index.php?rest_route=\/wp\/v2\/media\/1396"}],"wp:attachment":[{"href":"https:\/\/www.xn--ieslasvias-09a.es\/index.php?rest_route=%2Fwp%2Fv2%2Fmedia&parent=1388"}],"wp:term":[{"taxonomy":"category","embeddable":true,"href":"https:\/\/www.xn--ieslasvias-09a.es\/index.php?rest_route=%2Fwp%2Fv2%2Fcategories&post=1388"},{"taxonomy":"post_tag","embeddable":true,"href":"https:\/\/www.xn--ieslasvias-09a.es\/index.php?rest_route=%2Fwp%2Fv2%2Ftags&post=1388"}],"curies":[{"name":"wp","href":"https:\/\/api.w.org\/{rel}","templated":true}]}}